{"id":3966,"date":"2026-04-10T20:04:55","date_gmt":"2026-04-10T20:04:55","guid":{"rendered":"https:\/\/creo.uqam.ca\/?p=3966"},"modified":"2026-04-13T20:45:38","modified_gmt":"2026-04-13T20:45:38","slug":"3966-2","status":"publish","type":"post","link":"https:\/\/creo.uqam.ca\/en\/3966-2\/","title":{"rendered":"Podcast #G\u00e9n\u00e9ration IA &#8230; Cr\u00e9ativit\u00e9"},"content":{"rendered":"<p>Dans une r\u00e9cente entrevue, Pier-Luc de Chantal, professeur au D\u00e9partement de psychologie de l\u2019UQAM et directeur du laboratoire CREO, \u00e9change autour des grandes questions qui entourent la cr\u00e9ativit\u00e9 aujourd\u2019hui.<\/p>\n\n\n\n<p>Qu\u2019entend-on r\u00e9ellement par cr\u00e9ativit\u00e9 ? Jusqu\u2019o\u00f9 l\u2019intelligence artificielle peut-elle participer au processus cr\u00e9atif ? Et comment int\u00e9grer ces nouveaux outils sans perdre de vue le d\u00e9veloppement de nos propres capacit\u00e9s ?<\/p>\n\n\n\n<p>Une discussion riche et actuelle, qui invite \u00e0 r\u00e9fl\u00e9chir \u00e0 notre rapport \u00e0 la cr\u00e9ativit\u00e9 \u00e0 d\u00e9couvrir dans cet \u00e9pisode.<\/p>\n\n\n\n<p>Lien vers le podcast : <a href=\"https:\/\/generationia.podbean.com\/e\/le-pouvoir-secret-de-l-ia-sur-votre-creativite\/\">https:\/\/generationia.podbean.com\/e\/le-pouvoir-secret-de-l-ia-sur-votre-creativite\/<\/a><\/p>\n\n\n\n<p><\/p>","protected":false},"excerpt":{"rendered":"<p class=\"tx-excerpt\">Dans une r\u00e9cente entrevue, Pier-Luc de Chantal, professeur au D\u00e9partement de psychologie de l\u2019UQAM et directeur du laboratoire CREO, \u00e9change autour des grandes questions qui entourent la cr\u00e9ativit\u00e9 aujourd\u2019hui.\nQu\u2019entend-on r\u00e9ellement par cr\u00e9ativit\u00e9 ? Jusqu\u2019o\u00f9 l\u2019intelligence...<\/p>","protected":false},"author":8,"featured_media":3975,"comment_status":"closed","ping_status":"open","sticky":false,"template":"","format":"standard","meta":{"footnotes":""},"categories":[2],"tags":[18],"class_list":["post-3966","post","type-post","status-publish","format-standard","has-post-thumbnail","hentry","category-bon-a-savoir","tag-vulgarisation"],"_links":{"self":[{"href":"https:\/\/creo.uqam.ca\/en\/wp-json\/wp\/v2\/posts\/3966","targetHints":{"allow":["GET"]}}],"collection":[{"href":"https:\/\/creo.uqam.ca\/en\/wp-json\/wp\/v2\/posts"}],"about":[{"href":"https:\/\/creo.uqam.ca\/en\/wp-json\/wp\/v2\/types\/post"}],"author":[{"embeddable":true,"href":"https:\/\/creo.uqam.ca\/en\/wp-json\/wp\/v2\/users\/8"}],"replies":[{"embeddable":true,"href":"https:\/\/creo.uqam.ca\/en\/wp-json\/wp\/v2\/comments?post=3966"}],"version-history":[{"count":5,"href":"https:\/\/creo.uqam.ca\/en\/wp-json\/wp\/v2\/posts\/3966\/revisions"}],"predecessor-version":[{"id":3977,"href":"https:\/\/creo.uqam.ca\/en\/wp-json\/wp\/v2\/posts\/3966\/revisions\/3977"}],"wp:featuredmedia":[{"embeddable":true,"href":"https:\/\/creo.uqam.ca\/en\/wp-json\/wp\/v2\/media\/3975"}],"wp:attachment":[{"href":"https:\/\/creo.uqam.ca\/en\/wp-json\/wp\/v2\/media?parent=3966"}],"wp:term":[{"taxonomy":"category","embeddable":true,"href":"https:\/\/creo.uqam.ca\/en\/wp-json\/wp\/v2\/categories?post=3966"},{"taxonomy":"post_tag","embeddable":true,"href":"https:\/\/creo.uqam.ca\/en\/wp-json\/wp\/v2\/tags?post=3966"}],"curies":[{"name":"wp","href":"https:\/\/api.w.org\/{rel}","templated":true}]}}