{"id":3947,"date":"2026-04-10T19:21:07","date_gmt":"2026-04-10T19:21:07","guid":{"rendered":"https:\/\/creo.uqam.ca\/?p=3947"},"modified":"2026-04-13T14:39:12","modified_gmt":"2026-04-13T14:39:12","slug":"journee-scientifique-2026","status":"publish","type":"post","link":"https:\/\/creo.uqam.ca\/en\/journee-scientifique-2026\/","title":{"rendered":"Journ\u00e9e scientifique 2026"},"content":{"rendered":"<figure class=\"wp-block-gallery has-nested-images columns-default is-cropped wp-block-gallery-1 is-layout-flex wp-block-gallery-is-layout-flex\">\n<figure class=\"wp-block-image size-full\"><img fetchpriority=\"high\" decoding=\"async\" width=\"1921\" height=\"2560\" data-id=\"3961\" src=\"https:\/\/creo.uqam.ca\/wp-content\/uploads\/2026\/04\/Affiche-Scientifique--scaled.jpg\" alt=\"\" class=\"wp-image-3961\" srcset=\"https:\/\/creo.uqam.ca\/wp-content\/uploads\/2026\/04\/Affiche-Scientifique--scaled.jpg 1921w, https:\/\/creo.uqam.ca\/wp-content\/uploads\/2026\/04\/Affiche-Scientifique--225x300.jpg 225w, https:\/\/creo.uqam.ca\/wp-content\/uploads\/2026\/04\/Affiche-Scientifique--768x1024.jpg 768w, https:\/\/creo.uqam.ca\/wp-content\/uploads\/2026\/04\/Affiche-Scientifique--1152x1536.jpg 1152w, https:\/\/creo.uqam.ca\/wp-content\/uploads\/2026\/04\/Affiche-Scientifique--1537x2048.jpg 1537w, https:\/\/creo.uqam.ca\/wp-content\/uploads\/2026\/04\/Affiche-Scientifique--9x12.jpg 9w, https:\/\/creo.uqam.ca\/wp-content\/uploads\/2026\/04\/Affiche-Scientifique--360x480.jpg 360w, https:\/\/creo.uqam.ca\/wp-content\/uploads\/2026\/04\/Affiche-Scientifique--373x497.jpg 373w, https:\/\/creo.uqam.ca\/wp-content\/uploads\/2026\/04\/Affiche-Scientifique--620x826.jpg 620w, https:\/\/creo.uqam.ca\/wp-content\/uploads\/2026\/04\/Affiche-Scientifique--460x613.jpg 460w, https:\/\/creo.uqam.ca\/wp-content\/uploads\/2026\/04\/Affiche-Scientifique--365x486.jpg 365w, https:\/\/creo.uqam.ca\/wp-content\/uploads\/2026\/04\/Affiche-Scientifique--300x400.jpg 300w\" sizes=\"(max-width: 1921px) 100vw, 1921px\" \/><\/figure>\n\n\n\n<figure class=\"wp-block-image size-full\"><img decoding=\"async\" width=\"1921\" height=\"2560\" data-id=\"3960\" src=\"https:\/\/creo.uqam.ca\/wp-content\/uploads\/2026\/04\/IA-et-cocreation-un-nouveau-paradigme-methodologique-scaled.png\" alt=\"\" class=\"wp-image-3960\" srcset=\"https:\/\/creo.uqam.ca\/wp-content\/uploads\/2026\/04\/IA-et-cocreation-un-nouveau-paradigme-methodologique-scaled.png 1921w, https:\/\/creo.uqam.ca\/wp-content\/uploads\/2026\/04\/IA-et-cocreation-un-nouveau-paradigme-methodologique-225x300.png 225w, https:\/\/creo.uqam.ca\/wp-content\/uploads\/2026\/04\/IA-et-cocreation-un-nouveau-paradigme-methodologique-768x1024.png 768w, https:\/\/creo.uqam.ca\/wp-content\/uploads\/2026\/04\/IA-et-cocreation-un-nouveau-paradigme-methodologique-1152x1536.png 1152w, https:\/\/creo.uqam.ca\/wp-content\/uploads\/2026\/04\/IA-et-cocreation-un-nouveau-paradigme-methodologique-1537x2048.png 1537w, https:\/\/creo.uqam.ca\/wp-content\/uploads\/2026\/04\/IA-et-cocreation-un-nouveau-paradigme-methodologique-9x12.png 9w, https:\/\/creo.uqam.ca\/wp-content\/uploads\/2026\/04\/IA-et-cocreation-un-nouveau-paradigme-methodologique-360x480.png 360w, https:\/\/creo.uqam.ca\/wp-content\/uploads\/2026\/04\/IA-et-cocreation-un-nouveau-paradigme-methodologique-373x497.png 373w, https:\/\/creo.uqam.ca\/wp-content\/uploads\/2026\/04\/IA-et-cocreation-un-nouveau-paradigme-methodologique-620x826.png 620w, https:\/\/creo.uqam.ca\/wp-content\/uploads\/2026\/04\/IA-et-cocreation-un-nouveau-paradigme-methodologique-460x613.png 460w, https:\/\/creo.uqam.ca\/wp-content\/uploads\/2026\/04\/IA-et-cocreation-un-nouveau-paradigme-methodologique-365x486.png 365w, https:\/\/creo.uqam.ca\/wp-content\/uploads\/2026\/04\/IA-et-cocreation-un-nouveau-paradigme-methodologique-300x400.png 300w\" sizes=\"(max-width: 1921px) 100vw, 1921px\" \/><\/figure>\n\n\n\n<figure class=\"wp-block-image size-full\"><img decoding=\"async\" width=\"1919\" height=\"2560\" data-id=\"3959\" src=\"https:\/\/creo.uqam.ca\/wp-content\/uploads\/2026\/04\/BERGERON-Chloe_BERC29578809_TDAH-et-creativite-chez-adulte_VF2-scaled.png\" alt=\"\" class=\"wp-image-3959\" srcset=\"https:\/\/creo.uqam.ca\/wp-content\/uploads\/2026\/04\/BERGERON-Chloe_BERC29578809_TDAH-et-creativite-chez-adulte_VF2-scaled.png 1919w, https:\/\/creo.uqam.ca\/wp-content\/uploads\/2026\/04\/BERGERON-Chloe_BERC29578809_TDAH-et-creativite-chez-adulte_VF2-225x300.png 225w, https:\/\/creo.uqam.ca\/wp-content\/uploads\/2026\/04\/BERGERON-Chloe_BERC29578809_TDAH-et-creativite-chez-adulte_VF2-768x1024.png 768w, https:\/\/creo.uqam.ca\/wp-content\/uploads\/2026\/04\/BERGERON-Chloe_BERC29578809_TDAH-et-creativite-chez-adulte_VF2-1152x1536.png 1152w, https:\/\/creo.uqam.ca\/wp-content\/uploads\/2026\/04\/BERGERON-Chloe_BERC29578809_TDAH-et-creativite-chez-adulte_VF2-1536x2048.png 1536w, https:\/\/creo.uqam.ca\/wp-content\/uploads\/2026\/04\/BERGERON-Chloe_BERC29578809_TDAH-et-creativite-chez-adulte_VF2-9x12.png 9w, https:\/\/creo.uqam.ca\/wp-content\/uploads\/2026\/04\/BERGERON-Chloe_BERC29578809_TDAH-et-creativite-chez-adulte_VF2-360x480.png 360w, https:\/\/creo.uqam.ca\/wp-content\/uploads\/2026\/04\/BERGERON-Chloe_BERC29578809_TDAH-et-creativite-chez-adulte_VF2-373x497.png 373w, https:\/\/creo.uqam.ca\/wp-content\/uploads\/2026\/04\/BERGERON-Chloe_BERC29578809_TDAH-et-creativite-chez-adulte_VF2-620x827.png 620w, https:\/\/creo.uqam.ca\/wp-content\/uploads\/2026\/04\/BERGERON-Chloe_BERC29578809_TDAH-et-creativite-chez-adulte_VF2-460x614.png 460w, https:\/\/creo.uqam.ca\/wp-content\/uploads\/2026\/04\/BERGERON-Chloe_BERC29578809_TDAH-et-creativite-chez-adulte_VF2-365x487.png 365w, https:\/\/creo.uqam.ca\/wp-content\/uploads\/2026\/04\/BERGERON-Chloe_BERC29578809_TDAH-et-creativite-chez-adulte_VF2-300x400.png 300w\" sizes=\"(max-width: 1919px) 100vw, 1919px\" \/><\/figure>\n<\/figure>\n\n\n\n<p><\/p>","protected":false},"excerpt":{"rendered":"<p class=\"tx-excerpt\">La journ\u00e9e scientifique 2026 fut riche en d\u00e9couvertes, en \u00e9changes inspirants et en cr\u00e9ativit\u00e9! \nUn grand bravo \u00e0 Chlo\u00e9 pour le prix de la meilleure pr\u00e9sentation affich\u00e9e en neuropsychologie.\n<\/p>","protected":false},"author":8,"featured_media":3949,"comment_status":"closed","ping_status":"open","sticky":false,"template":"","format":"standard","meta":{"footnotes":""},"categories":[2],"tags":[18],"class_list":["post-3947","post","type-post","status-publish","format-standard","has-post-thumbnail","hentry","category-bon-a-savoir","tag-vulgarisation"],"_links":{"self":[{"href":"https:\/\/creo.uqam.ca\/en\/wp-json\/wp\/v2\/posts\/3947","targetHints":{"allow":["GET"]}}],"collection":[{"href":"https:\/\/creo.uqam.ca\/en\/wp-json\/wp\/v2\/posts"}],"about":[{"href":"https:\/\/creo.uqam.ca\/en\/wp-json\/wp\/v2\/types\/post"}],"author":[{"embeddable":true,"href":"https:\/\/creo.uqam.ca\/en\/wp-json\/wp\/v2\/users\/8"}],"replies":[{"embeddable":true,"href":"https:\/\/creo.uqam.ca\/en\/wp-json\/wp\/v2\/comments?post=3947"}],"version-history":[{"count":4,"href":"https:\/\/creo.uqam.ca\/en\/wp-json\/wp\/v2\/posts\/3947\/revisions"}],"predecessor-version":[{"id":3963,"href":"https:\/\/creo.uqam.ca\/en\/wp-json\/wp\/v2\/posts\/3947\/revisions\/3963"}],"wp:featuredmedia":[{"embeddable":true,"href":"https:\/\/creo.uqam.ca\/en\/wp-json\/wp\/v2\/media\/3949"}],"wp:attachment":[{"href":"https:\/\/creo.uqam.ca\/en\/wp-json\/wp\/v2\/media?parent=3947"}],"wp:term":[{"taxonomy":"category","embeddable":true,"href":"https:\/\/creo.uqam.ca\/en\/wp-json\/wp\/v2\/categories?post=3947"},{"taxonomy":"post_tag","embeddable":true,"href":"https:\/\/creo.uqam.ca\/en\/wp-json\/wp\/v2\/tags?post=3947"}],"curies":[{"name":"wp","href":"https:\/\/api.w.org\/{rel}","templated":true}]}}