{"id":3915,"date":"2026-03-19T13:26:35","date_gmt":"2026-03-19T13:26:35","guid":{"rendered":"https:\/\/creo.uqam.ca\/?p=3915"},"modified":"2026-04-01T19:59:47","modified_gmt":"2026-04-01T19:59:47","slug":"un-article-publie-sur-les-tendances-bipolaires-et-le-potentiel-creatif","status":"publish","type":"post","link":"https:\/\/creo.uqam.ca\/en\/un-article-publie-sur-les-tendances-bipolaires-et-le-potentiel-creatif\/","title":{"rendered":"Un article publi\u00e9 sur les tendances bipolaires et le potentiel cr\u00e9atif"},"content":{"rendered":"<p>Le laboratoire CREO a r\u00e9cemment publi\u00e9 un article dans <em>Personality and Individual Differences<\/em> explorant les liens entre les tendances bipolaires et le potentiel cr\u00e9atif. Nos r\u00e9sultats mettent en lumi\u00e8re un d\u00e9calage int\u00e9ressant : les traits hypomaniaques sont associ\u00e9s \u00e0 une plus grande perception de sa propre originalit\u00e9, alors que les mesures objectives r\u00e9v\u00e8lent plut\u00f4t un niveau d\u2019originalit\u00e9 plus faible.<\/p>\n\n\n\n<p><a href=\"https:\/\/www.sciencedirect.com\/science\/article\/pii\/S0191886926001443\">L&rsquo;article est disponible gratuitement! <\/a><\/p>\n\n\n\n<blockquote class=\"wp-block-quote is-layout-flow wp-block-quote-is-layout-flow\">\n<p>The romanticized image of the creative \u201cmad genius\u201d has long positioned bipolar tendencies at the center of the narrative. Yet the literature reveals a mixed relationship between bipolar traits and original thinking. This study examines how hypomanic traits relate to subjective and objective originality. We tested whether hypomanic traits uniquely predict self-evaluation biases beyond cyclothymic traits and creative self-concept. Three hundred participants completed divergent thinking tasks and subsequently self-rated the originality of their ideas, capturing what we refer to as subjective originality. Objective originality was assessed using a validated automated scoring technique. Creative self-concept was measured with creative self-beliefs and achievements, alongside cyclothymic and hypomanic traits. The results revealed a positive association between hypomanic traits and subjective originality, even after controlling for creative self-concept and cyclothymia. In contrast, hypomanic traits were negatively associated with objective originality, suggesting a \u201ccreativity mirage\u201d\u2014a divergence between perceived and observed originality. Interactions revealed that the association between subjective and objective originality was positive among individuals with low hypomanic traits but negative among those with high hypomanic traits. These findings show the importance of distinguishing subjective from objective assessments of creativity, revealing that hypomanic traits could be related to biases in self-evaluations of originality.<\/p>\n<\/blockquote>\n\n\n\n<p><\/p>","protected":false},"excerpt":{"rendered":"<p class=\"tx-excerpt\">Le laboratoire CREO a r\u00e9cemment publi\u00e9 un article dans Personality and Individual Differences explorant les liens entre les tendances bipolaires et le potentiel cr\u00e9atif. Nos r\u00e9sultats mettent en lumi\u00e8re un d\u00e9calage int\u00e9ressant : les traits...<\/p>","protected":false},"author":3,"featured_media":3916,"comment_status":"closed","ping_status":"open","sticky":false,"template":"","format":"standard","meta":{"footnotes":""},"categories":[2],"tags":[31],"class_list":["post-3915","post","type-post","status-publish","format-standard","has-post-thumbnail","hentry","category-bon-a-savoir","tag-article-scientifique"],"_links":{"self":[{"href":"https:\/\/creo.uqam.ca\/en\/wp-json\/wp\/v2\/posts\/3915","targetHints":{"allow":["GET"]}}],"collection":[{"href":"https:\/\/creo.uqam.ca\/en\/wp-json\/wp\/v2\/posts"}],"about":[{"href":"https:\/\/creo.uqam.ca\/en\/wp-json\/wp\/v2\/types\/post"}],"author":[{"embeddable":true,"href":"https:\/\/creo.uqam.ca\/en\/wp-json\/wp\/v2\/users\/3"}],"replies":[{"embeddable":true,"href":"https:\/\/creo.uqam.ca\/en\/wp-json\/wp\/v2\/comments?post=3915"}],"version-history":[{"count":2,"href":"https:\/\/creo.uqam.ca\/en\/wp-json\/wp\/v2\/posts\/3915\/revisions"}],"predecessor-version":[{"id":3933,"href":"https:\/\/creo.uqam.ca\/en\/wp-json\/wp\/v2\/posts\/3915\/revisions\/3933"}],"wp:featuredmedia":[{"embeddable":true,"href":"https:\/\/creo.uqam.ca\/en\/wp-json\/wp\/v2\/media\/3916"}],"wp:attachment":[{"href":"https:\/\/creo.uqam.ca\/en\/wp-json\/wp\/v2\/media?parent=3915"}],"wp:term":[{"taxonomy":"category","embeddable":true,"href":"https:\/\/creo.uqam.ca\/en\/wp-json\/wp\/v2\/categories?post=3915"},{"taxonomy":"post_tag","embeddable":true,"href":"https:\/\/creo.uqam.ca\/en\/wp-json\/wp\/v2\/tags?post=3915"}],"curies":[{"name":"wp","href":"https:\/\/api.w.org\/{rel}","templated":true}]}}