{"id":3896,"date":"2025-11-11T21:29:57","date_gmt":"2025-11-11T21:29:57","guid":{"rendered":"https:\/\/creo.uqam.ca\/?p=3896"},"modified":"2025-11-11T21:30:38","modified_gmt":"2025-11-11T21:30:38","slug":"on-partage-nos-travaux-sur-le-besoin-de-creativite","status":"publish","type":"post","link":"https:\/\/creo.uqam.ca\/en\/on-partage-nos-travaux-sur-le-besoin-de-creativite\/","title":{"rendered":"On partage nos travaux sur le besoin de cr\u00e9ativit\u00e9 !"},"content":{"rendered":"<p>Nous avons eu l&rsquo;opportunit\u00e9 de partager nos travaux dans le cadre d&rsquo;un workshop organis\u00e9 par les \u00e9diteurs du <a href=\"https:\/\/www.linkedin.com\/company\/creativity-and-innovation-management\/\">Creativity and Innovation Management<\/a> Journal, \u00e0 <a href=\"https:\/\/www.linkedin.com\/company\/hecmontreal\/\">HEC Montr\u00e9al<\/a> !<br><br><strong>Restez \u00e0 l\u2019aff\u00fbt!<\/strong><\/p>\n\n\n\n<p><br>En collaboration avec Gilles Dupuis, professeur retrait\u00e9 du D\u00e9partement de psychologie de l\u2019UQAM, et Marie-Claude Frenette, nous travaillons actuellement \u00e0 la r\u00e9daction d\u2019un article passionnant sur le besoin de cr\u00e9ativit\u00e9 en entreprise. Nos r\u00e9sultats r\u00e9v\u00e8lent que ce besoin se compare en importance \u00e0 d\u2019autres besoins fondamentaux des travailleurs. Plus encore, un manque de satisfaction du besoin de cr\u00e9ativit\u00e9 est li\u00e9 \u00e0 davantage de difficult\u00e9s en sant\u00e9 mentale et \u00e0 une moins grande satisfaction au travail.<\/p>","protected":false},"excerpt":{"rendered":"<p class=\"tx-excerpt\">Nous avons eu l&rsquo;opportunit\u00e9 de partager nos travaux dans le cadre d&rsquo;un workshop organis\u00e9 par les \u00e9diteurs du Creativity and Innovation Management Journal, \u00e0 HEC Montr\u00e9al ! Restez \u00e0 l\u2019aff\u00fbt! En collaboration avec Gilles Dupuis,...<\/p>","protected":false},"author":3,"featured_media":3897,"comment_status":"closed","ping_status":"open","sticky":false,"template":"","format":"standard","meta":{"footnotes":""},"categories":[2],"tags":[31],"class_list":["post-3896","post","type-post","status-publish","format-standard","has-post-thumbnail","hentry","category-bon-a-savoir","tag-article-scientifique"],"_links":{"self":[{"href":"https:\/\/creo.uqam.ca\/en\/wp-json\/wp\/v2\/posts\/3896","targetHints":{"allow":["GET"]}}],"collection":[{"href":"https:\/\/creo.uqam.ca\/en\/wp-json\/wp\/v2\/posts"}],"about":[{"href":"https:\/\/creo.uqam.ca\/en\/wp-json\/wp\/v2\/types\/post"}],"author":[{"embeddable":true,"href":"https:\/\/creo.uqam.ca\/en\/wp-json\/wp\/v2\/users\/3"}],"replies":[{"embeddable":true,"href":"https:\/\/creo.uqam.ca\/en\/wp-json\/wp\/v2\/comments?post=3896"}],"version-history":[{"count":1,"href":"https:\/\/creo.uqam.ca\/en\/wp-json\/wp\/v2\/posts\/3896\/revisions"}],"predecessor-version":[{"id":3898,"href":"https:\/\/creo.uqam.ca\/en\/wp-json\/wp\/v2\/posts\/3896\/revisions\/3898"}],"wp:featuredmedia":[{"embeddable":true,"href":"https:\/\/creo.uqam.ca\/en\/wp-json\/wp\/v2\/media\/3897"}],"wp:attachment":[{"href":"https:\/\/creo.uqam.ca\/en\/wp-json\/wp\/v2\/media?parent=3896"}],"wp:term":[{"taxonomy":"category","embeddable":true,"href":"https:\/\/creo.uqam.ca\/en\/wp-json\/wp\/v2\/categories?post=3896"},{"taxonomy":"post_tag","embeddable":true,"href":"https:\/\/creo.uqam.ca\/en\/wp-json\/wp\/v2\/tags?post=3896"}],"curies":[{"name":"wp","href":"https:\/\/api.w.org\/{rel}","templated":true}]}}