{"id":3845,"date":"2024-12-12T18:25:31","date_gmt":"2024-12-12T18:25:31","guid":{"rendered":"https:\/\/creo.uqam.ca\/?p=3845"},"modified":"2025-06-18T00:35:19","modified_gmt":"2025-06-18T00:35:19","slug":"decouvrez-comment-pisa-evalue-la-pensee-creative-des-eleves-de-15-ans-a-travers-le-monde","status":"publish","type":"post","link":"https:\/\/creo.uqam.ca\/en\/decouvrez-comment-pisa-evalue-la-pensee-creative-des-eleves-de-15-ans-a-travers-le-monde\/","title":{"rendered":"PISA \u00e9value la pens\u00e9e cr\u00e9ative des \u00e9l\u00e8ves de 15 ans \u00e0 travers le monde !"},"content":{"rendered":"<p>Depuis 2000, l&rsquo;Organisation de coop\u00e9ration et de d\u00e9veloppement \u00e9conomiques (OCDE) r\u00e9alise tous les trois ans l&rsquo;\u00e9tude PISA, un outil essentiel pour \u00e9valuer les comp\u00e9tences des \u00e9l\u00e8ves de 15 ans \u00e0 travers le monde. PISA ne se limite pas aux performances acad\u00e9miques, mais mesure \u00e9galement la capacit\u00e9 des \u00e9l\u00e8ves \u00e0 mobiliser leurs connaissances dans des contextes r\u00e9els.&nbsp;<\/p>\n\n\n\n<p>Dans cette pr\u00e9sentation, nous nous concentrerons sur l&rsquo;\u00e9valuation de la pens\u00e9e cr\u00e9ative, d\u00e9finie par PISA comme la capacit\u00e9 \u00e0 g\u00e9n\u00e9rer, \u00e9valuer et affiner des id\u00e9es originales et efficaces, qu&rsquo;elles soient destin\u00e9es \u00e0 r\u00e9soudre des probl\u00e8mes ou \u00e0 exprimer l&rsquo;imagination. Nous d\u00e9cortiquons le plus r\u00e9cent article de PISA, qui explore en profondeur l\u2019\u00e9valuation de la pens\u00e9e cr\u00e9ative des \u00e9tudiants de 15 ans \u00e0 travers le monde, en s\u2019appuyant sur quatre contextes cl\u00e9s : l\u2019expression \u00e9crite, l\u2019expression visuelle, la r\u00e9solution de probl\u00e8mes sociaux et la r\u00e9solution de probl\u00e8mes scientifiques.<\/p>\n\n\n\n<p>Pour en savoir plus, cliquez ici ! <a href=\"https:\/\/osf.io\/bqvkr\/download\">https:\/\/osf.io\/bqvkr\/download<\/a><\/p>\n\n\n\n<p><\/p>","protected":false},"excerpt":{"rendered":"<p class=\"tx-excerpt\">Depuis 2000, l&rsquo;Organisation de coop\u00e9ration et de d\u00e9veloppement \u00e9conomiques (OCDE) r\u00e9alise tous les trois ans l&rsquo;\u00e9tude PISA, un outil essentiel pour \u00e9valuer les comp\u00e9tences des \u00e9l\u00e8ves de 15 ans \u00e0 travers le monde. PISA ne...<\/p>","protected":false},"author":7,"featured_media":3844,"comment_status":"closed","ping_status":"open","sticky":false,"template":"","format":"standard","meta":{"footnotes":""},"categories":[2],"tags":[18],"class_list":["post-3845","post","type-post","status-publish","format-standard","has-post-thumbnail","hentry","category-bon-a-savoir","tag-vulgarisation"],"_links":{"self":[{"href":"https:\/\/creo.uqam.ca\/en\/wp-json\/wp\/v2\/posts\/3845","targetHints":{"allow":["GET"]}}],"collection":[{"href":"https:\/\/creo.uqam.ca\/en\/wp-json\/wp\/v2\/posts"}],"about":[{"href":"https:\/\/creo.uqam.ca\/en\/wp-json\/wp\/v2\/types\/post"}],"author":[{"embeddable":true,"href":"https:\/\/creo.uqam.ca\/en\/wp-json\/wp\/v2\/users\/7"}],"replies":[{"embeddable":true,"href":"https:\/\/creo.uqam.ca\/en\/wp-json\/wp\/v2\/comments?post=3845"}],"version-history":[{"count":3,"href":"https:\/\/creo.uqam.ca\/en\/wp-json\/wp\/v2\/posts\/3845\/revisions"}],"predecessor-version":[{"id":3849,"href":"https:\/\/creo.uqam.ca\/en\/wp-json\/wp\/v2\/posts\/3845\/revisions\/3849"}],"wp:featuredmedia":[{"embeddable":true,"href":"https:\/\/creo.uqam.ca\/en\/wp-json\/wp\/v2\/media\/3844"}],"wp:attachment":[{"href":"https:\/\/creo.uqam.ca\/en\/wp-json\/wp\/v2\/media?parent=3845"}],"wp:term":[{"taxonomy":"category","embeddable":true,"href":"https:\/\/creo.uqam.ca\/en\/wp-json\/wp\/v2\/categories?post=3845"},{"taxonomy":"post_tag","embeddable":true,"href":"https:\/\/creo.uqam.ca\/en\/wp-json\/wp\/v2\/tags?post=3845"}],"curies":[{"name":"wp","href":"https:\/\/api.w.org\/{rel}","templated":true}]}}