{"id":3722,"date":"2024-04-25T15:34:36","date_gmt":"2024-04-25T15:34:36","guid":{"rendered":"https:\/\/creo.uqam.ca\/?p=3722"},"modified":"2024-11-19T17:10:05","modified_gmt":"2024-11-19T17:10:05","slug":"la-creativite-de-lia-depend-de-la-personne-derriere-lecran-pour-linstant","status":"publish","type":"post","link":"https:\/\/creo.uqam.ca\/en\/la-creativite-de-lia-depend-de-la-personne-derriere-lecran-pour-linstant\/","title":{"rendered":"La cr\u00e9ativit\u00e9 de l&rsquo;IA d\u00e9pend de la personne derri\u00e8re l&rsquo;\u00e9cran\u2026 pour l&rsquo;instant"},"content":{"rendered":"<p>Dans un monde o\u00f9 les outils d&rsquo;intelligence artificielle g\u00e9n\u00e9rative \u00e9mergent comme des instruments disruptifs, une interrogation cruciale \u00e9merge : la cr\u00e9ativit\u00e9 est-elle encore exclusive \u00e0 l&rsquo;\u00eatre humain ? Cette question, au c\u0153ur de nombreuses discussions, est explor\u00e9e en profondeur dans cet article r\u00e9cemment publi\u00e9 dans <em>The Conversation<\/em>, co-\u00e9crit par Pier-Luc de Chantal avec son \u00e9tudiant, Ryan Derfoul.<\/p>\n\n\n\n<p>\u00c0 lire ici : <a href=\"https:\/\/theconversation.com\/la-creativite-de-lia-repose-sur-la-personne-derriere-lecran-pour-linstant-221712\">https:\/\/theconversation.com\/la-creativite-de-lia-repose-sur-la-personne-derriere-lecran-pour-linstant-221712<\/a><\/p>\n\n\n\n<p>mots clefs: science, innovation, culture, intelligence artificielle (IA), art, artistes, cr\u00e9ativit\u00e9, humains<\/p>","protected":false},"excerpt":{"rendered":"<p class=\"tx-excerpt\">Dans un monde o\u00f9 les outils d&rsquo;intelligence artificielle g\u00e9n\u00e9rative \u00e9mergent comme des instruments disruptifs, une interrogation cruciale \u00e9merge : la cr\u00e9ativit\u00e9 est-elle encore exclusive \u00e0 l&rsquo;\u00eatre humain ? Cette question, au c\u0153ur de nombreuses discussions,...<\/p>","protected":false},"author":7,"featured_media":2975,"comment_status":"open","ping_status":"open","sticky":false,"template":"","format":"standard","meta":{"footnotes":""},"categories":[2],"tags":[18],"class_list":["post-3722","post","type-post","status-publish","format-standard","has-post-thumbnail","hentry","category-bon-a-savoir","tag-vulgarisation"],"_links":{"self":[{"href":"https:\/\/creo.uqam.ca\/en\/wp-json\/wp\/v2\/posts\/3722","targetHints":{"allow":["GET"]}}],"collection":[{"href":"https:\/\/creo.uqam.ca\/en\/wp-json\/wp\/v2\/posts"}],"about":[{"href":"https:\/\/creo.uqam.ca\/en\/wp-json\/wp\/v2\/types\/post"}],"author":[{"embeddable":true,"href":"https:\/\/creo.uqam.ca\/en\/wp-json\/wp\/v2\/users\/7"}],"replies":[{"embeddable":true,"href":"https:\/\/creo.uqam.ca\/en\/wp-json\/wp\/v2\/comments?post=3722"}],"version-history":[{"count":4,"href":"https:\/\/creo.uqam.ca\/en\/wp-json\/wp\/v2\/posts\/3722\/revisions"}],"predecessor-version":[{"id":3820,"href":"https:\/\/creo.uqam.ca\/en\/wp-json\/wp\/v2\/posts\/3722\/revisions\/3820"}],"wp:featuredmedia":[{"embeddable":true,"href":"https:\/\/creo.uqam.ca\/en\/wp-json\/wp\/v2\/media\/2975"}],"wp:attachment":[{"href":"https:\/\/creo.uqam.ca\/en\/wp-json\/wp\/v2\/media?parent=3722"}],"wp:term":[{"taxonomy":"category","embeddable":true,"href":"https:\/\/creo.uqam.ca\/en\/wp-json\/wp\/v2\/categories?post=3722"},{"taxonomy":"post_tag","embeddable":true,"href":"https:\/\/creo.uqam.ca\/en\/wp-json\/wp\/v2\/tags?post=3722"}],"curies":[{"name":"wp","href":"https:\/\/api.w.org\/{rel}","templated":true}]}}