{"id":3704,"date":"2024-03-13T19:12:44","date_gmt":"2024-03-13T19:12:44","guid":{"rendered":"https:\/\/creo.uqam.ca\/?p=3704"},"modified":"2024-11-19T17:10:13","modified_gmt":"2024-11-19T17:10:13","slug":"lia-et-le-processus-de-creation","status":"publish","type":"post","link":"https:\/\/creo.uqam.ca\/en\/lia-et-le-processus-de-creation\/","title":{"rendered":"L\u2019IA et le processus de cr\u00e9ation"},"content":{"rendered":"<p>L&rsquo;IA peut-elle nous assister dans le d\u00e9veloppement de nouvelles id\u00e9es, solutions ou r\u00e9alisations?\u00a0Cet atelier anim\u00e9 par <strong>Pier-Luc de Chantal <\/strong>et <strong>Simon-Matthew S\u00e9guin<\/strong>, traitera de questions importantes concernant l&rsquo;agentivit\u00e9 du processus de cr\u00e9ation et am\u00e8nera les personnes participantes \u00e0 r\u00e9fl\u00e9chir aux fonctions de l&rsquo;IA. Autrement dit, comment pouvons-nous assurer le contr\u00f4le de notre propre processus de cr\u00e9ation tout en tirant parti des possibilit\u00e9s offertes par ce nouvel outil? Ensemble, les participants r\u00e9fl\u00e9chirons aux strat\u00e9gies pour \u00e9viter que l&rsquo;IA ne se substitue \u00e0 notre cr\u00e9ativit\u00e9. L&rsquo;atelier s&rsquo;adresse \u00e0 toute personne, novice ou exp\u00e9riment\u00e9e, qui s&rsquo;est d\u00e9j\u00e0 expos\u00e9e \u00e0 l&rsquo;IA g\u00e9n\u00e9rative.<\/p>\n\n\n\n<p><strong>Pier-Luc de Chantal<\/strong>&nbsp;est professeur au d\u00e9partement de psychologie \u00e0 l&rsquo;UQAM et directeur du laboratoire CREO sur la cognition et la cr\u00e9ativit\u00e9. Il est membre de l&rsquo;Institut des sciences cognitives et du Centre de recherche en neurosciences cognitives (NeuroQAM). Ses int\u00e9r\u00eats portent sur les d\u00e9terminants cognitifs du raisonnement et de la cr\u00e9ativit\u00e9, ainsi que sur les possibilit\u00e9s offertes par les technologies num\u00e9riques pour la recherche et l&rsquo;avancement des connaissances sur la cognition humaine. Ses recherches les plus r\u00e9centes portent sur l\u2019utilisation de l\u2019IA dans le processus de cr\u00e9ation.<\/p>\n\n\n\n<p>Designer multidisciplinaire,&nbsp;<strong>Simon-Matthew S\u00e9guin<\/strong>&nbsp;est professeur invit\u00e9 \u00e0 l&rsquo;\u00e9cole de design de l&rsquo;UQAM. Combinant une exp\u00e9rience acad\u00e9mique solide avec une carri\u00e8re professionnelle distingu\u00e9e. Simon a oeuvr\u00e9 professionnellement dans l&rsquo;industrie du design en tant que designer interactif sp\u00e9cialis\u00e9e dans le design d&rsquo;exp\u00e9riences mus\u00e9ales. Ses domaines d&rsquo;enseignement incluent entre autres le design d&rsquo;exposition et le design d&rsquo;interaction. Il explore actuellement des avenues de recherche sur le r\u00f4le du design en p\u00e9dagogie et en \u00e9ducation dans le cadre d\u2019une ma\u00eetrise \u00e0 l\u2019Universit\u00e9 Laval.<\/p>\n\n\n\n<p>Journ\u00e9e d&rsquo;\u00e9change sur les opportunit\u00e9s p\u00e9dagogiques de l\u2019IA g\u00e9n\u00e9rative en enseignement sup\u00e9rieur organis\u00e9 par l&rsquo;Universit\u00e9 du Qu\u00e9bec \u00e0 Montr\u00e9al (UQAM), le c\u00e9gep de Saint-Laurent, le Coll\u00e8ge de Bois-de-Boulogne et le Coll\u00e8ge de Maisonneuve, avec le soutien du P\u00f4le interordres de Montr\u00e9al (PIM).<\/p>\n\n\n\n<p><strong>Inscriptions:<\/strong> <a href=\"https:\/\/event.fourwaves.com\/fr\/ia2024-enseignement\/pages\">https:\/\/event.fourwaves.com\/fr\/ia2024-enseignement\/pages<\/a><\/p>\n\n\n\n<p><strong>Lieu:<\/strong> L&rsquo;Agora du C\u0153ur des sciences de l&rsquo;UQAM &#8212; <strong>Date:<\/strong> 24 avril 2024<\/p>","protected":false},"excerpt":{"rendered":"<p class=\"tx-excerpt\">L&rsquo;IA peut-elle nous assister dans le d\u00e9veloppement de nouvelles id\u00e9es, solutions ou r\u00e9alisations?\u00a0Cet atelier anim\u00e9 par Pier-Luc de Chantal et Simon-Matthew S\u00e9guin, traitera de questions importantes concernant l&rsquo;agentivit\u00e9 du processus de cr\u00e9ation et am\u00e8nera les...<\/p>","protected":false},"author":7,"featured_media":3709,"comment_status":"open","ping_status":"open","sticky":false,"template":"","format":"standard","meta":{"footnotes":""},"categories":[4],"tags":[18],"class_list":["post-3704","post","type-post","status-publish","format-standard","has-post-thumbnail","hentry","category-quoi-de-neuf","tag-vulgarisation"],"_links":{"self":[{"href":"https:\/\/creo.uqam.ca\/en\/wp-json\/wp\/v2\/posts\/3704","targetHints":{"allow":["GET"]}}],"collection":[{"href":"https:\/\/creo.uqam.ca\/en\/wp-json\/wp\/v2\/posts"}],"about":[{"href":"https:\/\/creo.uqam.ca\/en\/wp-json\/wp\/v2\/types\/post"}],"author":[{"embeddable":true,"href":"https:\/\/creo.uqam.ca\/en\/wp-json\/wp\/v2\/users\/7"}],"replies":[{"embeddable":true,"href":"https:\/\/creo.uqam.ca\/en\/wp-json\/wp\/v2\/comments?post=3704"}],"version-history":[{"count":5,"href":"https:\/\/creo.uqam.ca\/en\/wp-json\/wp\/v2\/posts\/3704\/revisions"}],"predecessor-version":[{"id":3821,"href":"https:\/\/creo.uqam.ca\/en\/wp-json\/wp\/v2\/posts\/3704\/revisions\/3821"}],"wp:featuredmedia":[{"embeddable":true,"href":"https:\/\/creo.uqam.ca\/en\/wp-json\/wp\/v2\/media\/3709"}],"wp:attachment":[{"href":"https:\/\/creo.uqam.ca\/en\/wp-json\/wp\/v2\/media?parent=3704"}],"wp:term":[{"taxonomy":"category","embeddable":true,"href":"https:\/\/creo.uqam.ca\/en\/wp-json\/wp\/v2\/categories?post=3704"},{"taxonomy":"post_tag","embeddable":true,"href":"https:\/\/creo.uqam.ca\/en\/wp-json\/wp\/v2\/tags?post=3704"}],"curies":[{"name":"wp","href":"https:\/\/api.w.org\/{rel}","templated":true}]}}