{"id":3672,"date":"2023-10-11T12:06:42","date_gmt":"2023-10-11T12:06:42","guid":{"rendered":"https:\/\/creo.uqam.ca\/?p=3672"},"modified":"2024-11-19T17:10:35","modified_gmt":"2024-11-19T17:10:35","slug":"radio-creo-a-lemission-moteur-de-recherche","status":"publish","type":"post","link":"https:\/\/creo.uqam.ca\/en\/radio-creo-a-lemission-moteur-de-recherche\/","title":{"rendered":"CREO \u00e0 l\u2019\u00e9mission Moteur de recherche !"},"content":{"rendered":"<p>Le laboratoire est pass\u00e9 \u00e0 l\u2019\u00e9mission Moteur de recherche pour parler du processus de naissance des id\u00e9es cr\u00e9atives!<\/p>\n\n\n\n<p>Par ici, pour \u00e9couter l&rsquo;entretien de Pier-Luc de Chantal et Claudelle Houde-Labrecque.<\/p>\n\n\n\n<p><a href=\"https:\/\/ici.radio-canada.ca\/ohdio\/premiere\/emissions\/moteur-de-recherche\/episodes\/785896\/rattrapage-vendredi-6-octobre-2023\">https:\/\/ici.radio-canada.ca\/ohdio\/premiere\/emissions\/moteur-de-recherche\/episodes\/785896\/rattrapage-vendredi-6-octobre-2023<\/a><\/p>\n\n\n\n<p><\/p>","protected":false},"excerpt":{"rendered":"<p class=\"tx-excerpt\">Le laboratoire est pass\u00e9 \u00e0 l\u2019\u00e9mission Moteur de recherche pour parler du processus de naissance des id\u00e9es cr\u00e9atives! Par ici, pour \u00e9couter l&rsquo;entretien de Pier-Luc de Chantal et Claudelle Houde-Labrecque. https:\/\/ici.radio-canada.ca\/ohdio\/premiere\/emissions\/moteur-de-recherche\/episodes\/785896\/rattrapage-vendredi-6-octobre-2023\n<\/p>","protected":false},"author":7,"featured_media":3675,"comment_status":"open","ping_status":"open","sticky":false,"template":"","format":"standard","meta":{"footnotes":""},"categories":[4],"tags":[18],"class_list":["post-3672","post","type-post","status-publish","format-standard","has-post-thumbnail","hentry","category-quoi-de-neuf","tag-vulgarisation"],"_links":{"self":[{"href":"https:\/\/creo.uqam.ca\/en\/wp-json\/wp\/v2\/posts\/3672","targetHints":{"allow":["GET"]}}],"collection":[{"href":"https:\/\/creo.uqam.ca\/en\/wp-json\/wp\/v2\/posts"}],"about":[{"href":"https:\/\/creo.uqam.ca\/en\/wp-json\/wp\/v2\/types\/post"}],"author":[{"embeddable":true,"href":"https:\/\/creo.uqam.ca\/en\/wp-json\/wp\/v2\/users\/7"}],"replies":[{"embeddable":true,"href":"https:\/\/creo.uqam.ca\/en\/wp-json\/wp\/v2\/comments?post=3672"}],"version-history":[{"count":5,"href":"https:\/\/creo.uqam.ca\/en\/wp-json\/wp\/v2\/posts\/3672\/revisions"}],"predecessor-version":[{"id":3823,"href":"https:\/\/creo.uqam.ca\/en\/wp-json\/wp\/v2\/posts\/3672\/revisions\/3823"}],"wp:featuredmedia":[{"embeddable":true,"href":"https:\/\/creo.uqam.ca\/en\/wp-json\/wp\/v2\/media\/3675"}],"wp:attachment":[{"href":"https:\/\/creo.uqam.ca\/en\/wp-json\/wp\/v2\/media?parent=3672"}],"wp:term":[{"taxonomy":"category","embeddable":true,"href":"https:\/\/creo.uqam.ca\/en\/wp-json\/wp\/v2\/categories?post=3672"},{"taxonomy":"post_tag","embeddable":true,"href":"https:\/\/creo.uqam.ca\/en\/wp-json\/wp\/v2\/tags?post=3672"}],"curies":[{"name":"wp","href":"https:\/\/api.w.org\/{rel}","templated":true}]}}