{"id":3309,"date":"2023-09-26T16:52:50","date_gmt":"2023-09-26T16:52:50","guid":{"rendered":"https:\/\/creo.uqam.ca\/?p=3309"},"modified":"2024-11-19T17:11:23","modified_gmt":"2024-11-19T17:11:23","slug":"conference-lapproche-cognitive-de-la-creativite","status":"publish","type":"post","link":"https:\/\/creo.uqam.ca\/en\/conference-lapproche-cognitive-de-la-creativite\/","title":{"rendered":"Pier-Luc pr\u00e9sente \u00e0 Neuroqam : L\u2019approche cognitive de la cr\u00e9ativit\u00e9"},"content":{"rendered":"<p>Rejoignez-nous pour la 11<sup>e<\/sup>&nbsp;\u00e9dition de la journ\u00e9e scientifique de NeuroQAM, o\u00f9 le Professeur Pier-Luc de Chantal, Directeur du laboratoire CREO, pr\u00e9sentera sa vision de l&rsquo;approche cognitive de la cr\u00e9ativit\u00e9.<\/p>\n\n\n\n<p>Le 10 novembre, \u00e0 l&rsquo;UQAM. Ne manquez pas cet \u00e9v\u00e9nement ! <\/p>\n\n\n\n<p><strong><u>Inscription \u00e0 la Journ\u00e9e scientifique&nbsp;:<\/u><\/strong><br><a href=\"https:\/\/docs.google.com\/forms\/d\/e\/1FAIpQLSf2wKhg9KXNwOM0u-eGmNHfGf2cwck1V0dt3dpC5ngTsH_udw\/viewform?usp=sf_link\">https:\/\/docs.google.com\/forms\/d\/e\/1FAIpQLSf2wKhg9KXNwOM0u-eGmNHfGf2cwck1V0dt3dpC5ngTsH_udw\/viewform?usp=sf_link<\/a><\/p>","protected":false},"excerpt":{"rendered":"<p class=\"tx-excerpt\">Rejoignez-nous pour la 11e&nbsp;\u00e9dition de la journ\u00e9e scientifique de NeuroQAM, o\u00f9 le Professeur Pier-Luc de Chantal, Directeur du laboratoire CREO, pr\u00e9sentera sa vision de l&rsquo;approche cognitive de la cr\u00e9ativit\u00e9. Le 10 novembre, \u00e0 l&rsquo;UQAM. Ne...<\/p>","protected":false},"author":7,"featured_media":3312,"comment_status":"open","ping_status":"open","sticky":true,"template":"","format":"standard","meta":{"footnotes":""},"categories":[4],"tags":[41],"class_list":["post-3309","post","type-post","status-publish","format-standard","has-post-thumbnail","hentry","category-quoi-de-neuf","tag-congres"],"_links":{"self":[{"href":"https:\/\/creo.uqam.ca\/en\/wp-json\/wp\/v2\/posts\/3309","targetHints":{"allow":["GET"]}}],"collection":[{"href":"https:\/\/creo.uqam.ca\/en\/wp-json\/wp\/v2\/posts"}],"about":[{"href":"https:\/\/creo.uqam.ca\/en\/wp-json\/wp\/v2\/types\/post"}],"author":[{"embeddable":true,"href":"https:\/\/creo.uqam.ca\/en\/wp-json\/wp\/v2\/users\/7"}],"replies":[{"embeddable":true,"href":"https:\/\/creo.uqam.ca\/en\/wp-json\/wp\/v2\/comments?post=3309"}],"version-history":[{"count":5,"href":"https:\/\/creo.uqam.ca\/en\/wp-json\/wp\/v2\/posts\/3309\/revisions"}],"predecessor-version":[{"id":3825,"href":"https:\/\/creo.uqam.ca\/en\/wp-json\/wp\/v2\/posts\/3309\/revisions\/3825"}],"wp:featuredmedia":[{"embeddable":true,"href":"https:\/\/creo.uqam.ca\/en\/wp-json\/wp\/v2\/media\/3312"}],"wp:attachment":[{"href":"https:\/\/creo.uqam.ca\/en\/wp-json\/wp\/v2\/media?parent=3309"}],"wp:term":[{"taxonomy":"category","embeddable":true,"href":"https:\/\/creo.uqam.ca\/en\/wp-json\/wp\/v2\/categories?post=3309"},{"taxonomy":"post_tag","embeddable":true,"href":"https:\/\/creo.uqam.ca\/en\/wp-json\/wp\/v2\/tags?post=3309"}],"curies":[{"name":"wp","href":"https:\/\/api.w.org\/{rel}","templated":true}]}}