{"id":3305,"date":"2023-09-21T20:57:04","date_gmt":"2023-09-21T20:57:04","guid":{"rendered":"https:\/\/creo.uqam.ca\/?p=3305"},"modified":"2024-11-19T17:11:47","modified_gmt":"2024-11-19T17:11:47","slug":"conference-leco-anxiete-et-la-creativite","status":"publish","type":"post","link":"https:\/\/creo.uqam.ca\/en\/conference-leco-anxiete-et-la-creativite\/","title":{"rendered":"Conf\u00e9rence sur l&rsquo;\u00e9co-anxi\u00e9t\u00e9 et la cr\u00e9ativit\u00e9 !\u00a0"},"content":{"rendered":"<p>Deux \u00e9tudiantes au doctorat en psychologie,&nbsp;Florence K (membre du laboratoire CREO) et Nessa Ghassemi-Bakhtiar, animeront une conf\u00e9rence&nbsp;sur l\u2019\u00e9co-anxi\u00e9t\u00e9 qui aura lieu \u00e0 la SAT \u00e0 la mi-octobre.<\/p>\n\n\n\n<p>Venez profiter de cette occasion pour r\u00e9fl\u00e9chir \u00e0 notre adaptation aux nouvelles r\u00e9alit\u00e9s climatiques.<\/p>\n\n\n\n<p>Les&nbsp;<strong>14 et 15 octobre 2023<\/strong>, au <strong>d\u00f4me immersif de la SAT<\/strong>.<\/p>\n\n\n\n<p><a rel=\"noreferrer noopener\" href=\"https:\/\/sat.qc.ca\/fr\/evenements\/en-equilibre\" target=\"_blank\">https:\/\/sat.qc.ca\/fr\/evenements\/en-equilibre<\/a><\/p>","protected":false},"excerpt":{"rendered":"<p class=\"tx-excerpt\">Deux \u00e9tudiantes au doctorat en psychologie,&nbsp;Florence K (membre du laboratoire CREO) et Nessa Ghassemi-Bakhtiar, animeront une conf\u00e9rence&nbsp;sur l\u2019\u00e9co-anxi\u00e9t\u00e9 qui aura lieu \u00e0 la SAT \u00e0 la mi-octobre. Venez profiter de cette occasion pour r\u00e9fl\u00e9chir \u00e0...<\/p>","protected":false},"author":7,"featured_media":3306,"comment_status":"open","ping_status":"open","sticky":false,"template":"","format":"standard","meta":{"footnotes":""},"categories":[4],"tags":[18],"class_list":["post-3305","post","type-post","status-publish","format-standard","has-post-thumbnail","hentry","category-quoi-de-neuf","tag-vulgarisation"],"_links":{"self":[{"href":"https:\/\/creo.uqam.ca\/en\/wp-json\/wp\/v2\/posts\/3305","targetHints":{"allow":["GET"]}}],"collection":[{"href":"https:\/\/creo.uqam.ca\/en\/wp-json\/wp\/v2\/posts"}],"about":[{"href":"https:\/\/creo.uqam.ca\/en\/wp-json\/wp\/v2\/types\/post"}],"author":[{"embeddable":true,"href":"https:\/\/creo.uqam.ca\/en\/wp-json\/wp\/v2\/users\/7"}],"replies":[{"embeddable":true,"href":"https:\/\/creo.uqam.ca\/en\/wp-json\/wp\/v2\/comments?post=3305"}],"version-history":[{"count":4,"href":"https:\/\/creo.uqam.ca\/en\/wp-json\/wp\/v2\/posts\/3305\/revisions"}],"predecessor-version":[{"id":3826,"href":"https:\/\/creo.uqam.ca\/en\/wp-json\/wp\/v2\/posts\/3305\/revisions\/3826"}],"wp:featuredmedia":[{"embeddable":true,"href":"https:\/\/creo.uqam.ca\/en\/wp-json\/wp\/v2\/media\/3306"}],"wp:attachment":[{"href":"https:\/\/creo.uqam.ca\/en\/wp-json\/wp\/v2\/media?parent=3305"}],"wp:term":[{"taxonomy":"category","embeddable":true,"href":"https:\/\/creo.uqam.ca\/en\/wp-json\/wp\/v2\/categories?post=3305"},{"taxonomy":"post_tag","embeddable":true,"href":"https:\/\/creo.uqam.ca\/en\/wp-json\/wp\/v2\/tags?post=3305"}],"curies":[{"name":"wp","href":"https:\/\/api.w.org\/{rel}","templated":true}]}}