{"id":2542,"date":"2023-05-26T15:38:00","date_gmt":"2023-05-26T19:38:00","guid":{"rendered":"http:\/\/localhost\/creolab\/?p=2542"},"modified":"2024-11-19T17:13:38","modified_gmt":"2024-11-19T17:13:38","slug":"sqrp-2023-nous-y-presenterons-nos-recherches","status":"publish","type":"post","link":"https:\/\/creo.uqam.ca\/en\/sqrp-2023-nous-y-presenterons-nos-recherches\/","title":{"rendered":"Nous pr\u00e9senterons nos recherches \u00e0 la SQRP 2023 !"},"content":{"rendered":"<p>Trois \u00e9tudiantes du laboratoire CREO pr\u00e9senteront trois affiches scientifiques dans le cadre du congr\u00e8s annuel de la Soci\u00e9t\u00e9 Qu\u00e9b\u00e9coise pour la Recherche en psychologie. <\/p>\n\n\n\n<p>L&rsquo;affiche de <strong>Florence Khoriaty<\/strong> pr\u00e9sentera une r\u00e9ponse \u00e0 la question : <em>existe-t-il un lien entre la pens\u00e9e divergente et la variation de l\u2019humeur?<\/em><\/p>\n\n\n\n<p>L&rsquo;affiche de <strong>Claude Labrie<\/strong> s&rsquo;int\u00e9ressera aux joueurs cr\u00e9atifs par une <em>Exploration de la relation entre les jeux vid\u00e9o de style \u00ab\u00a0sandbox\u00a0\u00bb et le potentiel cr\u00e9atif.<\/em><\/p>\n\n\n\n<p>L&rsquo;affiche de <strong>Marie-Claudelle Leblanc<\/strong> d\u00e9cortiquera les corr\u00e9lats de diff\u00e9rentes \u00e9preuves cognitives de la cr\u00e9ativit\u00e9 et pr\u00e9sentera une r\u00e9ponse \u00e0 la question<em> : les diff\u00e9rentes t\u00e2ches de pens\u00e9e divergente mesurent-elles les m\u00eames processus?<\/em><\/p>","protected":false},"excerpt":{"rendered":"<p class=\"tx-excerpt\">Trois \u00e9tudiantes du laboratoire CREO pr\u00e9senteront trois affiches scientifiques dans le cadre du congr\u00e8s annuel de la Soci\u00e9t\u00e9 Qu\u00e9b\u00e9coise pour la Recherche en psychologie. L&rsquo;affiche de Florence Khoriaty pr\u00e9sentera une r\u00e9ponse \u00e0 la question :...<\/p>","protected":false},"author":1,"featured_media":2543,"comment_status":"closed","ping_status":"closed","sticky":false,"template":"","format":"standard","meta":{"footnotes":""},"categories":[4],"tags":[41],"class_list":["post-2542","post","type-post","status-publish","format-standard","has-post-thumbnail","hentry","category-quoi-de-neuf","tag-congres"],"_links":{"self":[{"href":"https:\/\/creo.uqam.ca\/en\/wp-json\/wp\/v2\/posts\/2542","targetHints":{"allow":["GET"]}}],"collection":[{"href":"https:\/\/creo.uqam.ca\/en\/wp-json\/wp\/v2\/posts"}],"about":[{"href":"https:\/\/creo.uqam.ca\/en\/wp-json\/wp\/v2\/types\/post"}],"author":[{"embeddable":true,"href":"https:\/\/creo.uqam.ca\/en\/wp-json\/wp\/v2\/users\/1"}],"replies":[{"embeddable":true,"href":"https:\/\/creo.uqam.ca\/en\/wp-json\/wp\/v2\/comments?post=2542"}],"version-history":[{"count":3,"href":"https:\/\/creo.uqam.ca\/en\/wp-json\/wp\/v2\/posts\/2542\/revisions"}],"predecessor-version":[{"id":3830,"href":"https:\/\/creo.uqam.ca\/en\/wp-json\/wp\/v2\/posts\/2542\/revisions\/3830"}],"wp:featuredmedia":[{"embeddable":true,"href":"https:\/\/creo.uqam.ca\/en\/wp-json\/wp\/v2\/media\/2543"}],"wp:attachment":[{"href":"https:\/\/creo.uqam.ca\/en\/wp-json\/wp\/v2\/media?parent=2542"}],"wp:term":[{"taxonomy":"category","embeddable":true,"href":"https:\/\/creo.uqam.ca\/en\/wp-json\/wp\/v2\/categories?post=2542"},{"taxonomy":"post_tag","embeddable":true,"href":"https:\/\/creo.uqam.ca\/en\/wp-json\/wp\/v2\/tags?post=2542"}],"curies":[{"name":"wp","href":"https:\/\/api.w.org\/{rel}","templated":true}]}}