{"id":2217,"date":"2022-10-18T13:33:00","date_gmt":"2022-10-18T17:33:00","guid":{"rendered":"http:\/\/localhost\/creolab\/?p=2217"},"modified":"2024-11-19T17:14:22","modified_gmt":"2024-11-19T17:14:22","slug":"conference-a-bistrobrain","status":"publish","type":"post","link":"https:\/\/creo.uqam.ca\/en\/conference-a-bistrobrain\/","title":{"rendered":"Comment le cerveau produit-il des id\u00e9es cr\u00e9atives ?"},"content":{"rendered":"<p>Pier-Luc de Chantal, directeur du laboratoire CREO, a donn\u00e9 une conf\u00e9rence sur l&rsquo;\u00e9tude de la cr\u00e9ativit\u00e9 selon l&rsquo;approche de la psychologie cognitive. <\/p>\n\n\n\n<p>Les id\u00e9es cr\u00e9atives red\u00e9finissent le monde, mais concentrons-nous plut\u00f4t sur celles que vous produisez au quotidien\u2014parfois m\u00eame \u00e0 votre insu. Quel est l&rsquo;\u00e9tat de la recherche sur les processus cognitifs et neurocognitifs qui contribuent \u00e0 la construction de solutions cr\u00e9atives ? Vous aurez une meilleure id\u00e9e des ph\u00e9nom\u00e8nes psychologiques qui sous-tendent la cr\u00e9ativit\u00e9, des tests cognitifs pour l\u2019\u00e9valuer et de certaines th\u00e9ories qui \u00e9clairent son fonctionnement.<\/p>\n\n\n\n<p><\/p>\n\n\n\n<figure class=\"wp-block-embed is-type-video is-provider-youtube wp-block-embed-youtube wp-embed-aspect-16-9 wp-has-aspect-ratio\"><div class=\"wp-block-embed__wrapper\">\n<iframe title=\"Pier Luc de Chantal - Comment le cerveau produit-il des id\u00e9es cr\u00e9atives ?\" width=\"500\" height=\"281\" src=\"https:\/\/www.youtube.com\/embed\/mgetc5rQv2w?feature=oembed\" frameborder=\"0\" allow=\"accelerometer; autoplay; clipboard-write; encrypted-media; gyroscope; picture-in-picture; web-share\" referrerpolicy=\"strict-origin-when-cross-origin\" allowfullscreen><\/iframe>\n<\/div><\/figure>\n\n\n\n<p><\/p>","protected":false},"excerpt":{"rendered":"<p class=\"tx-excerpt\">Pier-Luc de Chantal, directeur du laboratoire CREO, a donn\u00e9 une conf\u00e9rence sur l&rsquo;\u00e9tude de la cr\u00e9ativit\u00e9 selon l&rsquo;approche de la psychologie cognitive. Les id\u00e9es cr\u00e9atives red\u00e9finissent le monde, mais concentrons-nous plut\u00f4t sur celles que vous...<\/p>","protected":false},"author":1,"featured_media":2548,"comment_status":"closed","ping_status":"closed","sticky":false,"template":"","format":"standard","meta":{"footnotes":""},"categories":[2],"tags":[18],"class_list":["post-2217","post","type-post","status-publish","format-standard","has-post-thumbnail","hentry","category-bon-a-savoir","tag-vulgarisation"],"_links":{"self":[{"href":"https:\/\/creo.uqam.ca\/en\/wp-json\/wp\/v2\/posts\/2217","targetHints":{"allow":["GET"]}}],"collection":[{"href":"https:\/\/creo.uqam.ca\/en\/wp-json\/wp\/v2\/posts"}],"about":[{"href":"https:\/\/creo.uqam.ca\/en\/wp-json\/wp\/v2\/types\/post"}],"author":[{"embeddable":true,"href":"https:\/\/creo.uqam.ca\/en\/wp-json\/wp\/v2\/users\/1"}],"replies":[{"embeddable":true,"href":"https:\/\/creo.uqam.ca\/en\/wp-json\/wp\/v2\/comments?post=2217"}],"version-history":[{"count":6,"href":"https:\/\/creo.uqam.ca\/en\/wp-json\/wp\/v2\/posts\/2217\/revisions"}],"predecessor-version":[{"id":3834,"href":"https:\/\/creo.uqam.ca\/en\/wp-json\/wp\/v2\/posts\/2217\/revisions\/3834"}],"wp:featuredmedia":[{"embeddable":true,"href":"https:\/\/creo.uqam.ca\/en\/wp-json\/wp\/v2\/media\/2548"}],"wp:attachment":[{"href":"https:\/\/creo.uqam.ca\/en\/wp-json\/wp\/v2\/media?parent=2217"}],"wp:term":[{"taxonomy":"category","embeddable":true,"href":"https:\/\/creo.uqam.ca\/en\/wp-json\/wp\/v2\/categories?post=2217"},{"taxonomy":"post_tag","embeddable":true,"href":"https:\/\/creo.uqam.ca\/en\/wp-json\/wp\/v2\/tags?post=2217"}],"curies":[{"name":"wp","href":"https:\/\/api.w.org\/{rel}","templated":true}]}}