{"id":2027,"date":"2023-05-02T15:56:00","date_gmt":"2023-05-02T19:56:00","guid":{"rendered":"http:\/\/localhost\/creolab\/?p=2027"},"modified":"2024-11-19T17:14:10","modified_gmt":"2024-11-19T17:14:10","slug":"fixation-nouvelle-entree-dans-shortcogs","status":"publish","type":"post","link":"https:\/\/creo.uqam.ca\/en\/fixation-nouvelle-entree-dans-shortcogs\/","title":{"rendered":"Le biais de fixation, qu&rsquo;en est-il ?"},"content":{"rendered":"<p>Vous arrive-t-il d&rsquo;accorder trop d&rsquo;attention \u00e0 une id\u00e9e, au point d&rsquo;avoir l&rsquo;impression que vos id\u00e9es tournent en rond? Le biais de fixation se produit lorsqu&rsquo;une id\u00e9e ou une perspective monopolise l&rsquo;attention et entrave la recherche de solutions alternatives originales. Pier-Luc de Chantal, directeur du laboratoire CREO, a publi\u00e9 une nouvelle entr\u00e9e sur le sujet dans Raccourcis | Shortcogs, un guide pratique destin\u00e9 \u00e0 aider les gens \u00e0 comprendre les biais cognitifs qui sous-tendent les d\u00e9cisions que nous prenons.<\/p>\n\n\n\n<p>Consultez l&rsquo;entr\u00e9e ici : <a href=\"https:\/\/www.shortcogs.com\/biais\/biais-de-fixation\" data-type=\"URL\" data-id=\"https:\/\/www.shortcogs.com\/biais\/biais-de-fixation\" target=\"_blank\" rel=\"noreferrer noopener\">LIEN<\/a><\/p>\n\n\n\n<p>Ou copiez et collez l&rsquo;URL suivant : https:\/\/www.shortcogs.com\/biais\/biais-de-fixation<\/p>","protected":false},"excerpt":{"rendered":"<p class=\"tx-excerpt\">Vous arrive-t-il d&rsquo;accorder trop d&rsquo;attention \u00e0 une id\u00e9e, au point d&rsquo;avoir l&rsquo;impression que vos id\u00e9es tournent en rond? Le biais de fixation se produit lorsqu&rsquo;une id\u00e9e ou une perspective monopolise l&rsquo;attention et entrave la recherche...<\/p>","protected":false},"author":1,"featured_media":2550,"comment_status":"closed","ping_status":"closed","sticky":false,"template":"","format":"standard","meta":{"footnotes":""},"categories":[2],"tags":[18],"class_list":["post-2027","post","type-post","status-publish","format-standard","has-post-thumbnail","hentry","category-bon-a-savoir","tag-vulgarisation"],"_links":{"self":[{"href":"https:\/\/creo.uqam.ca\/en\/wp-json\/wp\/v2\/posts\/2027","targetHints":{"allow":["GET"]}}],"collection":[{"href":"https:\/\/creo.uqam.ca\/en\/wp-json\/wp\/v2\/posts"}],"about":[{"href":"https:\/\/creo.uqam.ca\/en\/wp-json\/wp\/v2\/types\/post"}],"author":[{"embeddable":true,"href":"https:\/\/creo.uqam.ca\/en\/wp-json\/wp\/v2\/users\/1"}],"replies":[{"embeddable":true,"href":"https:\/\/creo.uqam.ca\/en\/wp-json\/wp\/v2\/comments?post=2027"}],"version-history":[{"count":6,"href":"https:\/\/creo.uqam.ca\/en\/wp-json\/wp\/v2\/posts\/2027\/revisions"}],"predecessor-version":[{"id":3832,"href":"https:\/\/creo.uqam.ca\/en\/wp-json\/wp\/v2\/posts\/2027\/revisions\/3832"}],"wp:featuredmedia":[{"embeddable":true,"href":"https:\/\/creo.uqam.ca\/en\/wp-json\/wp\/v2\/media\/2550"}],"wp:attachment":[{"href":"https:\/\/creo.uqam.ca\/en\/wp-json\/wp\/v2\/media?parent=2027"}],"wp:term":[{"taxonomy":"category","embeddable":true,"href":"https:\/\/creo.uqam.ca\/en\/wp-json\/wp\/v2\/categories?post=2027"},{"taxonomy":"post_tag","embeddable":true,"href":"https:\/\/creo.uqam.ca\/en\/wp-json\/wp\/v2\/tags?post=2027"}],"curies":[{"name":"wp","href":"https:\/\/api.w.org\/{rel}","templated":true}]}}